{"id":299,"date":"2017-01-21T21:03:36","date_gmt":"2017-01-21T21:03:36","guid":{"rendered":"http:\/\/www.asociacion-piel.org.ar\/web\/?p=299"},"modified":"2017-03-14T15:16:32","modified_gmt":"2017-03-14T15:16:32","slug":"noticia-3","status":"publish","type":"post","link":"https:\/\/www.asociacion-piel.org.ar\/web\/noticia-3\/","title":{"rendered":"Una fundaci\u00f3n que asiste a bebes con malformaciones"},"content":{"rendered":"<p>PIEL atiende y da cobertura integral a pacientes con labio leporino; la ONG destaca la importancia de realizar el tratamiento a tiempo.<!--more--><\/p>\n<p class=\"primero\">Cuando Camila Fern\u00e1ndez iba por su quinto mes de embarazo se enter\u00f3 de que su hijo Valent\u00edn ten\u00eda labio leporino. Miedo. Dudas. Desesperaci\u00f3n. \u00abLo primero que hice fue entrar a Internet, obvio\u00bb, dice con una sonrisa. \u00abA Valent\u00edn lo tuve en una cl\u00ednica de Mor\u00f3n. Ah\u00ed me dijeron que iba a necesitar 15 cirug\u00edas. En los hospitales p\u00fablicos no encontr\u00e9 respuesta y una amiga de mi suegra me cont\u00f3 que exist\u00eda la Asociaci\u00f3n PIEL. Ac\u00e1 nos contuvieron y dieron todo lo que necesit\u00e1bamos\u00bb, agrega.<\/p>\n<p class=\"primero\">Al escuchar que muchos padres no encontraban una soluci\u00f3n adecuada para sus hijos con problemas de malformaciones cong\u00e9nitas, tumores y secuelas graves de accidentes, all\u00e1 por 1990 el doctor Ricardo Bennun decidi\u00f3 fundar esta organizaci\u00f3n, especializada en cirug\u00eda pl\u00e1stica infantil y craneofacial.<\/p>\n<p>\u00abHace 25 a\u00f1os est\u00e1bamos trabajando en el hospital Garrahan y ve\u00edamos que uno de cada 10 pacientes se quedaba sin atenci\u00f3n. Y as\u00ed fue que un grupo de padres y profesionales nos pusimos de acuerdo para armar la fundaci\u00f3n. Los padres trabajaron de secretarios, alba\u00f1iles y los profesionales, de manera voluntaria durante un a\u00f1o\u00bb, dice Bennun, en la oficina de la entidad en Avellaneda. Y agrega: \u00abLos mand\u00e1bamos a la Casa Cuna, al Elizalde o a La Plata y volv\u00edan. Y lo desesperante es que la cirug\u00eda del paladar se tiene que hacer s\u00ed o s\u00ed antes del a\u00f1o de vida del chico\u00bb.<\/p>\n<aside class=\"banner caja3\" data-adpos=\"caja3\">\n<div id=\"eplAdDivcaja3\">\u00a0La gran mayor\u00eda de los pacientes provienen del interior del pa\u00eds y tienen serios problemas para poder cubrir los costos de los traslados, el alojamiento y para sostener los tratamientos. \u00abEl 80% de los pacientes con malformaciones son de clase social baja. Esto se debe a problemas de malnutrici\u00f3n y mala calidad de vida: falta de acceso al agua potable, viven cerca de fuentes de contaminaci\u00f3n y falta de planificaci\u00f3n familiar. Las personas que tienen hijos antes de los 17 y despu\u00e9s de los 35 a\u00f1os tienen m\u00e1s probabilidades de tener malformaciones\u00bb, sostiene Bennun.<\/div>\n<\/aside>\n<p>Para dar una soluci\u00f3n a los problemas de distancia, PIEL est\u00e1 trabajando en C\u00f3rdoba, Mendoza, Rosario y Bah\u00eda Blanca. En Buenos Aires, implementa un sistema de atenci\u00f3n integral. \u00abTenemos 14 profesionales, todos juntos en el mismo lugar, a la misma hora, haciendo atenci\u00f3n interdisciplinaria. As\u00ed aprovechamos los viajes de la gente y no tienen que venir a ver a los especialistas por separado. En los hospitales p\u00fablicos se hacen al menos cuatro operaciones por chico y el tratamiento se prolonga hasta los 18 a\u00f1os. Nosotros hacemos dos cirug\u00edas y el tratamiento dura hasta los seis a\u00f1os para que puedan entrar bien a la escuela primaria\u00bb, acota Bennun.<\/p>\n<h2>Cobertura integral<\/h2>\n<aside class=\"banner caja4\" data-adpos=\"caja4\">\n<div id=\"eplAdDivcaja4\">\u00a0La asociaci\u00f3n cubre todos los gastos de los pacientes becados: pasaje, estad\u00eda, comida y operaci\u00f3n. Y alquilan un quir\u00f3fano en un sanatorio privado para hacer las cirug\u00edas. \u00abHablamos con la gente con total sinceridad y cada uno paga lo que puede. Damos becas totales o parciales seg\u00fan el criterio de la asistente social\u00bb, sostiene el medico que junto a su equipo ya ha atendido a 4000 pacientes, realiza 120 cirug\u00edas por a\u00f1o y cubre 450 consultas por mes.<\/div>\n<\/aside>\n<p>El 60% de \u00e9stas son de mujeres embarazadas que vienen con un diagn\u00f3stico prenatal y pueden iniciar el tratamiento en forma temprana. A partir del quinto mes de gestaci\u00f3n, ya se puede hacer un diagn\u00f3stico. \u00abEl bebe tiene ciertos tejidos m\u00e1s d\u00f3ciles que se pueden trabajar. Una remodelaci\u00f3n prequir\u00fargica permite que la malformaci\u00f3n se vaya resolviendo y hace que la cirug\u00eda sea menos agresiva. Y el resultado es mucho mejor. Por eso, lo ideal es operar a los chicos del labio a los tres meses y del paladar antes del a\u00f1o\u00bb, concluye Bennun.<\/p>\n<p>Las personas interesadas en conocer m\u00e1s o sumarse en la adopci\u00f3n de un chico para que pueda hacer su tratamiento, pueden llamar al (011)4201-1001\/4913 o ingresar a <a class=\"link\" href=\"http:\/\/www.asociacion-piel.org.ar\" target=\"_blank\">www.asociacion-piel.org.ar<\/a>.<\/p>\n","protected":false},"excerpt":{"rendered":"<p>PIEL atiende y da cobertura integral a pacientes con labio leporino; la ONG destaca la importancia de realizar el tratamiento a tiempo.<\/p>\n","protected":false},"author":2,"featured_media":650,"comment_status":"open","ping_status":"open","sticky":false,"template":"","format":"standard","meta":{"_et_pb_use_builder":"off","_et_pb_old_content":"","_et_gb_content_width":""},"categories":[11],"tags":[],"_links":{"self":[{"href":"https:\/\/www.asociacion-piel.org.ar\/web\/wp-json\/wp\/v2\/posts\/299"}],"collection":[{"href":"https:\/\/www.asociacion-piel.org.ar\/web\/wp-json\/wp\/v2\/posts"}],"about":[{"href":"https:\/\/www.asociacion-piel.org.ar\/web\/wp-json\/wp\/v2\/types\/post"}],"author":[{"embeddable":true,"href":"https:\/\/www.asociacion-piel.org.ar\/web\/wp-json\/wp\/v2\/users\/2"}],"replies":[{"embeddable":true,"href":"https:\/\/www.asociacion-piel.org.ar\/web\/wp-json\/wp\/v2\/comments?post=299"}],"version-history":[{"count":6,"href":"https:\/\/www.asociacion-piel.org.ar\/web\/wp-json\/wp\/v2\/posts\/299\/revisions"}],"predecessor-version":[{"id":674,"href":"https:\/\/www.asociacion-piel.org.ar\/web\/wp-json\/wp\/v2\/posts\/299\/revisions\/674"}],"wp:featuredmedia":[{"embeddable":true,"href":"https:\/\/www.asociacion-piel.org.ar\/web\/wp-json\/wp\/v2\/media\/650"}],"wp:attachment":[{"href":"https:\/\/www.asociacion-piel.org.ar\/web\/wp-json\/wp\/v2\/media?parent=299"}],"wp:term":[{"taxonomy":"category","embeddable":true,"href":"https:\/\/www.asociacion-piel.org.ar\/web\/wp-json\/wp\/v2\/categories?post=299"},{"taxonomy":"post_tag","embeddable":true,"href":"https:\/\/www.asociacion-piel.org.ar\/web\/wp-json\/wp\/v2\/tags?post=299"}],"curies":[{"name":"wp","href":"https:\/\/api.w.org\/{rel}","templated":true}]}}