{"id":325,"date":"2017-01-21T21:35:08","date_gmt":"2017-01-21T21:35:08","guid":{"rendered":"http:\/\/www.asociacion-piel.org.ar\/web\/?p=325"},"modified":"2017-03-14T15:15:51","modified_gmt":"2017-03-14T15:15:51","slug":"noticia-4","status":"publish","type":"post","link":"https:\/\/www.asociacion-piel.org.ar\/web\/noticia-4\/","title":{"rendered":"La Asociaci\u00f3n PIEL, una entidad que da respuesta a las necesidades de chicos con distintas patolog\u00edas"},"content":{"rendered":"<p>Funciona en Pala\u00e1 536 de Avellaneda y se especializa en cirug\u00eda pl\u00e1stica infantil. La Asociaci\u00f3n PIEL (Pl\u00e1stica Infantil con Excelencia en el Logro) naci\u00f3 el 25 de octubre de 1988 de la mano de profesionales de la salud y de padres de pacientes. El responsable de la Asociaci\u00f3n es el Dr. Ricardo Bennun.<!--more--><\/p>\n<p>Con el\u00a0 objetivo de dar apoyo a la difusi\u00f3n, investigaci\u00f3n, prevenci\u00f3n, docencia y asistencia en el \u00e1mbito de la cirug\u00eda pl\u00e1stica infantil y craneofacial, naci\u00f3 el 25 de octubre de 1988 la Asociaci\u00f3n PIEL (Pl\u00e1stica Infantil con Excelencia en el Logro) de la mano de profesionales de la salud y de padres de pacientes.<\/p>\n<p>La entidad, que tiene sede en Pala\u00e1 536 de Avellaneda, naci\u00f3 tras escuchar las necesidades e insatisfacciones de los padres que no encontraban una soluci\u00f3n adecuada para sus hijos con problemas de malformaciones cong\u00e9nitas, tumores y secuelas graves de accidentes.<\/p>\n<p>\u201c<em>PIEL surgi\u00f3 debido al gran d\u00e9ficit de atenci\u00f3n que hab\u00eda en los hospitales p\u00fablicos y uno de los problemas m\u00e1s importantes era la extensa lista de espera para ser sometido a una cirug\u00eda<\/em>\u201d, coment\u00f3 el Dr. Ricardo Bennun, responsable de la Asociaci\u00f3n.<\/p>\n<p>\u201c<em>Si hace treinta a\u00f1os, cuando est\u00e1bamos en el Hospital Garrahan, uno de cada diez pacientes se quedaba afuera, no me quiero imaginar c\u00f3mo ser\u00e1 el d\u00eda de hoy que la situaci\u00f3n es totalmente m\u00e1s grave<\/em>\u201d, detall\u00f3.<\/p>\n<p>\u201c<em>Ac\u00e1 hemos logrado hacer un peque\u00f1o hospital, porque han pasado casi 4.000 pacientes, con el concepto y la forma de pensar que ten\u00edamos con esos padres en el inicio<\/em> -agreg\u00f3- <em>la de tratar a estos ni\u00f1os en una forma integral, para lo que tenemos un equipo interdisciplinario que comprende todas sus necesidades<\/em>\u201d.<\/p>\n<p>El objetivo de PIEL ser un centro de referencia y de excelencia m\u00e9dica, al alcance de todos los ni\u00f1os, con la intenci\u00f3n de revalorizar la calidad asistencial, poniendo especial \u00e9nfasis en producir un cambio elemental en las funciones que cumple un verdadero equipo de salud.<\/p>\n<p>\u201c<em>PIEL comprende todas las necesidades del beb\u00e9, desde que le diagnostican en la panza el problema, hasta que le damos de alta y lo rehabilitamos y lo reinsertamos en la escuela<\/em>\u201d, coment\u00f3 Bennun.<\/p>\n<p>Las primeras consultas son realizadas por las embarazadas con diagn\u00f3stico intrauterino de cualquier alteraci\u00f3n, quienes reciben asesoramiento para planificar el nacimiento para evitar que tengan inconvenientes y que le den el alta temprana para empezar el tratamiento de rehabilitaci\u00f3n.<\/p>\n<p><strong>La llegada a Avellaneda<\/strong><\/p>\n<p>Consultados sobre los motivos por los cuales eligieron a Avellaneda para dar nacimiento a PIEL, Ricardo Bennun explic\u00f3 que por ese entonces contaron con el apoyo de Hilda Gonz\u00e1lez de Duhalde, quien estaba a cargo de todos los planes de desarrollo Social.<\/p>\n<p>\u201c<em>Yo le present\u00e9 un programa, le gust\u00f3 mucho y nos ayud\u00f3 para comprar la propiedad. Como la mayor\u00eda trabajaba en el Garrahan y ten\u00edamos que buscar una sede en la Provincia, Avellaneda nos quedaba bien<\/em>\u201d, resumi\u00f3 Bennun.<\/p>\n<p>Ya con la casa propia, se la adapt\u00f3 a las necesidades de un peque\u00f1o instituto, creando diversos consultorios para que todos los especialistas pudieran atender juntos el mismo d\u00eda, a la misma hora y en el mismo lugar.<\/p>\n<p>\u201c<em>Con eso le facilitamos la vida a todos, porque son ni\u00f1os muy complejos que necesitan ver a m\u00faltiples especialistas y, en el hospital, le dan turno un d\u00eda para uno y otro d\u00eda para otro, lo que provoca que los padres abandonen los tratamientos<\/em>\u201d, sostuvo Bennun.<\/p>\n<p>\u201c<em>Ac\u00e1 le podemos dar turno con la pediatra a las 14, con el cirujano a las 14.30, con la odont\u00f3loga a las 15 y la fonoaudi\u00f3loga a las 15.30, pudiendo regresar a sus casas lo m\u00e1s r\u00e1pido posible<\/em>\u201d, detall\u00f3.<\/p>\n<p>En tanto, PIEL cuenta con un convenio con el Servicio de Ortodoncia de la Universidad Maim\u00f3nides, donde hay 600 ni\u00f1os trabajando en la rehabilitaci\u00f3n de la mordida.<\/p>\n<p>\u201c<em>Tambi\u00e9n tenemos un acuerdo con la Cl\u00ednica Bazterrica, donde alquilamos los quir\u00f3fanos una tarde completa del martes y otra del jueves para utilizarlos como si fuera nuestro<\/em>\u201d, asegur\u00f3 Bennun.<\/p>\n<p><strong>Financiamiento y alcance<\/strong><\/p>\n<p>En cuanto a c\u00f3mo financian a la Asociaci\u00f3n, Bennun fue claro: \u201c<em>Con ingenio<\/em>\u201d, dijo con una sonrisa casi de resignaci\u00f3n porque desde aquella ayuda para comprar la sede nunca m\u00e1s recibieron apoyo a alg\u00fan nivel del Estado.<\/p>\n<p>Todos los pacientes sin recursos tienen acceso, sin cargo, a las consultas con el equipo interdisciplinario. Al resto de los padres, en la medida de sus posibilidades, se les solicita abonar un bono\u00a0contribuci\u00f3n para poder ir cubriendo los gastos.<\/p>\n<p>Mes a mes, llega un promedio de 120 chicos a su primera consulta, que se suman a aquellos que ya est\u00e1n en tratamiento, conformando una gran familia. \u201c<em>En la sala de espera, los padres que ya tienen los chicos en la asociaci\u00f3n se acercan a los nuevos para ense\u00f1arles, guiarlos<\/em>\u201d, coment\u00f3 Bennun.<\/p>\n<p>\u201c<em>La instituci\u00f3n se convirti\u00f3 en un centro de referencia a nivel nacional e internacional, recibimos pacientes de todas las provincias, como as\u00ed tambi\u00e9n de Paraguay, Bolivia y Per\u00fa<\/em>\u201d, sostuvo su responsable.<\/p>\n<p>Esta situaci\u00f3n tambi\u00e9n puso a PIEL en una situaci\u00f3n favorable, ya que muchas obras sociales que antes derivaban a los chicos a los hospitales p\u00fablicos, al no tener respuesta, ahora se comunican con los profesionales de la entidad para buscar soluciones.<\/p>\n<p>\u201c<em>Poco a poco se fueron dando cuenta que es mejor pagar una operaci\u00f3n buena y no que el paciente tenga cinco o seis intervenciones malas<\/em> \u2013dijo Bennun- <em>ah\u00ed nosotros hacemos una diferencia que va a un fondo de reserva cooperativo para ayudar a la gente que lo necesita<\/em>\u201d.<\/p>\n<p>PIEL cuenta adem\u00e1s con un sistema de becas para aquellas familias que no posean recursos econ\u00f3micos para la atenci\u00f3n de sus hijos, como as\u00ed tambi\u00e9n un sistema de padrinazgo, que pueden ser otras familias o empresas que se hacen cargos de los costos del tratamiento y, en algunos casos, del alojamiento y la alimentaci\u00f3n durante el periodo que durara \u00e9ste. Entre las empresas que hoy est\u00e1n colaborando, se encuentran Toyota y Farmacity.<\/p>\n<p>A modo de contenci\u00f3n y ayuda, funcionar un \u201cClub de Padres\u201d que organiza encuentros abiertos para todo p\u00fablico, junto a los profesionales, para abordar en forma grupal todos los temas relacionados con la patolog\u00eda de los ni\u00f1os, no s\u00f3lo desde el punto de vista m\u00e9dico, sino tambi\u00e9n desde el punto de vista psicol\u00f3gico y social.<\/p>\n<p>Estos encuentros resultan de gran ayuda e importancia, ya que en ellos los padres hablan libremente de sus miedos, sus rechazos y los problemas que les produce el nacimiento de un ni\u00f1o con alteraciones no esperadas.<\/p>\n<p>En ese espacio, comparten su preocupaci\u00f3n con los otros padres y con el apoyo del equipo interdisciplinario la meta es ir encontrando soluciones.<\/p>\n<p>Los interesados en contactarse con PIEL podr\u00e1n hacerlo todos los d\u00edas de 9 a 17 al 4201-1001\/4913, mediante la p\u00e1gina www.asociacion-piel.org.ar o en el Facebook.<\/p>\n","protected":false},"excerpt":{"rendered":"<p>Funciona en Pala\u00e1 536 de Avellaneda y se especializa en cirug\u00eda pl\u00e1stica infantil. La Asociaci\u00f3n PIEL (Pl\u00e1stica Infantil con Excelencia en el Logro) naci\u00f3 el 25 de octubre de 1988 de la mano de profesionales de la salud y de padres de pacientes. El responsable de la Asociaci\u00f3n es el Dr. Ricardo Bennun.<\/p>\n","protected":false},"author":2,"featured_media":646,"comment_status":"open","ping_status":"open","sticky":false,"template":"","format":"standard","meta":{"_et_pb_use_builder":"off","_et_pb_old_content":"","_et_gb_content_width":""},"categories":[11],"tags":[],"_links":{"self":[{"href":"https:\/\/www.asociacion-piel.org.ar\/web\/wp-json\/wp\/v2\/posts\/325"}],"collection":[{"href":"https:\/\/www.asociacion-piel.org.ar\/web\/wp-json\/wp\/v2\/posts"}],"about":[{"href":"https:\/\/www.asociacion-piel.org.ar\/web\/wp-json\/wp\/v2\/types\/post"}],"author":[{"embeddable":true,"href":"https:\/\/www.asociacion-piel.org.ar\/web\/wp-json\/wp\/v2\/users\/2"}],"replies":[{"embeddable":true,"href":"https:\/\/www.asociacion-piel.org.ar\/web\/wp-json\/wp\/v2\/comments?post=325"}],"version-history":[{"count":5,"href":"https:\/\/www.asociacion-piel.org.ar\/web\/wp-json\/wp\/v2\/posts\/325\/revisions"}],"predecessor-version":[{"id":672,"href":"https:\/\/www.asociacion-piel.org.ar\/web\/wp-json\/wp\/v2\/posts\/325\/revisions\/672"}],"wp:featuredmedia":[{"embeddable":true,"href":"https:\/\/www.asociacion-piel.org.ar\/web\/wp-json\/wp\/v2\/media\/646"}],"wp:attachment":[{"href":"https:\/\/www.asociacion-piel.org.ar\/web\/wp-json\/wp\/v2\/media?parent=325"}],"wp:term":[{"taxonomy":"category","embeddable":true,"href":"https:\/\/www.asociacion-piel.org.ar\/web\/wp-json\/wp\/v2\/categories?post=325"},{"taxonomy":"post_tag","embeddable":true,"href":"https:\/\/www.asociacion-piel.org.ar\/web\/wp-json\/wp\/v2\/tags?post=325"}],"curies":[{"name":"wp","href":"https:\/\/api.w.org\/{rel}","templated":true}]}}